{"id":11046,"date":"2013-09-17T16:31:10","date_gmt":"2013-09-17T16:31:10","guid":{"rendered":"http:\/\/www.rcnt.com\/blog\/?p=11046"},"modified":"2013-09-17T16:31:10","modified_gmt":"2013-09-17T16:31:10","slug":"la-embarcacion-trabuco-se-lleva-las-jornadas-nauticas-pitiusas","status":"publish","type":"post","link":"https:\/\/www.rcnt.com\/?p=11046","title":{"rendered":"La embarcaci\u00f3n &quot;Trabuco&quot; se lleva las Jornadas N\u00e1uticas Pitiusas"},"content":{"rendered":"<p><a href=\"http:\/\/www.rcnt.com\/blog\/wp-content\/uploads\/2602.jpg\"><img fetchpriority=\"high\" decoding=\"async\" class=\"aligncenter size-full wp-image-11047\" alt=\"trabuco-jornadas-pitiusas\" src=\"http:\/\/www.rcnt.com\/blog\/wp-content\/uploads\/2602.jpg\" width=\"567\" height=\"327\" \/><\/a><br \/>\nTras una \u00faltima jornada que no alter\u00f3 la clasificaci\u00f3n general, en la que los barcos superaron el recorrido desde el puerto de la Savina hasta el de Eivissa en dos mangas, la embarcaci\u00f3n &#8220;Trabuco&#8221; de Francisco Torregrosa alcanza el primer puesto alz\u00e1ndose como vencedor absoluto de la regata.<br \/>\nTras el velero del RCN Torrevieja se clasificaron \u00b4Rocinante IV\u00b4 y \u00b4Guaganco\u00b4 (ambos del CN Altea). Tambi\u00e9n se celebr\u00f3 la entrega de premios en la sede del CN Ibiza.<br \/>\nNuestra enhorabuena a la tripulaci\u00f3n!!<\/p>\n","protected":false},"excerpt":{"rendered":"<p>Tras una \u00faltima jornada que no alter\u00f3 la clasificaci\u00f3n general, en la que los barcos superaron el recorrido desde el puerto de la Savina hasta el de Eivissa en dos mangas, la embarcaci\u00f3n &#8220;Trabuco&#8221; de Francisco Torregrosa alcanza el primer puesto alz\u00e1ndose como vencedor absoluto de la regata. Tras el velero del RCN Torrevieja se [&hellip;]<\/p>\n","protected":false},"author":2,"featured_media":0,"comment_status":"closed","ping_status":"closed","sticky":false,"template":"","format":"standard","meta":{"_acf_changed":false,"footnotes":""},"categories":[2],"tags":[7],"class_list":["post-11046","post","type-post","status-publish","format-standard","hentry","category-actualidad","tag-vela"],"acf":[],"yoast_head":"<!-- This site is optimized with the Yoast SEO plugin v28.3 - https:\/\/yoast.com\/product\/yoast-seo-wordpress\/ -->\n<title>La embarcaci\u00f3n &quot;Trabuco&quot; se lleva las Jornadas N\u00e1uticas Pitiusas - Real Club N\u00e1utico Torrevieja<\/title>\n<meta name=\"robots\" content=\"index, follow, max-snippet:-1, max-image-preview:large, max-video-preview:-1\" \/>\n<link rel=\"canonical\" href=\"https:\/\/www.rcnt.com\/?p=11046\" \/>\n<meta property=\"og:locale\" content=\"es_ES\" \/>\n<meta property=\"og:type\" content=\"article\" \/>\n<meta property=\"og:title\" content=\"La embarcaci\u00f3n &quot;Trabuco&quot; se lleva las Jornadas N\u00e1uticas Pitiusas - Real Club N\u00e1utico Torrevieja\" \/>\n<meta property=\"og:description\" content=\"Tras una \u00faltima jornada que no alter\u00f3 la clasificaci\u00f3n general, en la que los barcos superaron el recorrido desde el puerto de la Savina hasta el de Eivissa en dos mangas, la embarcaci\u00f3n &#8220;Trabuco&#8221; de Francisco Torregrosa alcanza el primer puesto alz\u00e1ndose como vencedor absoluto de la regata. Tras el velero del RCN Torrevieja se [&hellip;]\" \/>\n<meta property=\"og:url\" content=\"https:\/\/www.rcnt.com\/?p=11046\" \/>\n<meta property=\"og:site_name\" content=\"Real Club N\u00e1utico Torrevieja\" \/>\n<meta property=\"article:published_time\" content=\"2013-09-17T16:31:10+00:00\" \/>\n<meta property=\"og:image\" content=\"http:\/\/www.rcnt.com\/blog\/wp-content\/uploads\/2602.jpg\" \/>\n<meta name=\"author\" content=\"Marta Aguilar\" \/>\n<meta name=\"twitter:card\" content=\"summary_large_image\" \/>\n<meta name=\"twitter:label1\" content=\"Escrito por\" \/>\n\t<meta name=\"twitter:data1\" content=\"Marta Aguilar\" \/>\n<script type=\"application\/ld+json\" class=\"yoast-schema-graph\">{\"@context\":\"https:\\\/\\\/schema.org\",\"@graph\":[{\"@type\":\"Article\",\"@id\":\"https:\\\/\\\/www.rcnt.com\\\/?p=11046#article\",\"isPartOf\":{\"@id\":\"https:\\\/\\\/www.rcnt.com\\\/?p=11046\"},\"author\":{\"name\":\"Marta Aguilar\",\"@id\":\"https:\\\/\\\/www.rcnt.com\\\/#\\\/schema\\\/person\\\/ded1e3ab89347350d13cb3bd4b42a429\"},\"headline\":\"La embarcaci\u00f3n &quot;Trabuco&quot; se lleva las Jornadas N\u00e1uticas Pitiusas\",\"datePublished\":\"2013-09-17T16:31:10+00:00\",\"mainEntityOfPage\":{\"@id\":\"https:\\\/\\\/www.rcnt.com\\\/?p=11046\"},\"wordCount\":100,\"publisher\":{\"@id\":\"https:\\\/\\\/www.rcnt.com\\\/#organization\"},\"image\":{\"@id\":\"https:\\\/\\\/www.rcnt.com\\\/?p=11046#primaryimage\"},\"thumbnailUrl\":\"http:\\\/\\\/www.rcnt.com\\\/blog\\\/wp-content\\\/uploads\\\/2602.jpg\",\"keywords\":[\"vela crucero\"],\"articleSection\":[\"ACTUALIDAD Y NOTICIAS\"],\"inLanguage\":\"es\"},{\"@type\":\"WebPage\",\"@id\":\"https:\\\/\\\/www.rcnt.com\\\/?p=11046\",\"url\":\"https:\\\/\\\/www.rcnt.com\\\/?p=11046\",\"name\":\"La embarcaci\u00f3n &quot;Trabuco&quot; se lleva las Jornadas N\u00e1uticas Pitiusas - Real Club N\u00e1utico Torrevieja\",\"isPartOf\":{\"@id\":\"https:\\\/\\\/www.rcnt.com\\\/#website\"},\"primaryImageOfPage\":{\"@id\":\"https:\\\/\\\/www.rcnt.com\\\/?p=11046#primaryimage\"},\"image\":{\"@id\":\"https:\\\/\\\/www.rcnt.com\\\/?p=11046#primaryimage\"},\"thumbnailUrl\":\"http:\\\/\\\/www.rcnt.com\\\/blog\\\/wp-content\\\/uploads\\\/2602.jpg\",\"datePublished\":\"2013-09-17T16:31:10+00:00\",\"breadcrumb\":{\"@id\":\"https:\\\/\\\/www.rcnt.com\\\/?p=11046#breadcrumb\"},\"inLanguage\":\"es\",\"potentialAction\":[{\"@type\":\"ReadAction\",\"target\":[\"https:\\\/\\\/www.rcnt.com\\\/?p=11046\"]}]},{\"@type\":\"ImageObject\",\"inLanguage\":\"es\",\"@id\":\"https:\\\/\\\/www.rcnt.com\\\/?p=11046#primaryimage\",\"url\":\"http:\\\/\\\/www.rcnt.com\\\/blog\\\/wp-content\\\/uploads\\\/2602.jpg\",\"contentUrl\":\"http:\\\/\\\/www.rcnt.com\\\/blog\\\/wp-content\\\/uploads\\\/2602.jpg\"},{\"@type\":\"BreadcrumbList\",\"@id\":\"https:\\\/\\\/www.rcnt.com\\\/?p=11046#breadcrumb\",\"itemListElement\":[{\"@type\":\"ListItem\",\"position\":1,\"name\":\"Portada\",\"item\":\"https:\\\/\\\/www.rcnt.com\\\/\"},{\"@type\":\"ListItem\",\"position\":2,\"name\":\"ACTUALIDAD Y NOTICIAS\",\"item\":\"https:\\\/\\\/www.rcnt.com\\\/?cat=2\"},{\"@type\":\"ListItem\",\"position\":3,\"name\":\"La embarcaci\u00f3n &quot;Trabuco&quot; se lleva las Jornadas N\u00e1uticas Pitiusas\"}]},{\"@type\":\"WebSite\",\"@id\":\"https:\\\/\\\/www.rcnt.com\\\/#website\",\"url\":\"https:\\\/\\\/www.rcnt.com\\\/\",\"name\":\"Real Club N\u00e1utico Torrevieja\",\"description\":\"\",\"publisher\":{\"@id\":\"https:\\\/\\\/www.rcnt.com\\\/#organization\"},\"potentialAction\":[{\"@type\":\"SearchAction\",\"target\":{\"@type\":\"EntryPoint\",\"urlTemplate\":\"https:\\\/\\\/www.rcnt.com\\\/?s={search_term_string}\"},\"query-input\":{\"@type\":\"PropertyValueSpecification\",\"valueRequired\":true,\"valueName\":\"search_term_string\"}}],\"inLanguage\":\"es\"},{\"@type\":\"Organization\",\"@id\":\"https:\\\/\\\/www.rcnt.com\\\/#organization\",\"name\":\"Real Club N\u00e1utico Torrevieja\",\"url\":\"https:\\\/\\\/www.rcnt.com\\\/\",\"logo\":{\"@type\":\"ImageObject\",\"inLanguage\":\"es\",\"@id\":\"https:\\\/\\\/www.rcnt.com\\\/#\\\/schema\\\/logo\\\/image\\\/\",\"url\":\"https:\\\/\\\/www.rcnt.com\\\/wp-content\\\/uploads\\\/2021\\\/02\\\/logo-RCNT-nSTb-251106-3.webp\",\"contentUrl\":\"https:\\\/\\\/www.rcnt.com\\\/wp-content\\\/uploads\\\/2021\\\/02\\\/logo-RCNT-nSTb-251106-3.webp\",\"width\":347,\"height\":118,\"caption\":\"Real Club N\u00e1utico Torrevieja\"},\"image\":{\"@id\":\"https:\\\/\\\/www.rcnt.com\\\/#\\\/schema\\\/logo\\\/image\\\/\"}},{\"@type\":\"Person\",\"@id\":\"https:\\\/\\\/www.rcnt.com\\\/#\\\/schema\\\/person\\\/ded1e3ab89347350d13cb3bd4b42a429\",\"name\":\"Marta Aguilar\",\"image\":{\"@type\":\"ImageObject\",\"inLanguage\":\"es\",\"@id\":\"https:\\\/\\\/secure.gravatar.com\\\/avatar\\\/0f0e84dd8664bd67e6f8173788ca70ea86599f9615ec4c39eb4cd61a52c315f4?s=96&d=blank&r=g\",\"url\":\"https:\\\/\\\/secure.gravatar.com\\\/avatar\\\/0f0e84dd8664bd67e6f8173788ca70ea86599f9615ec4c39eb4cd61a52c315f4?s=96&d=blank&r=g\",\"contentUrl\":\"https:\\\/\\\/secure.gravatar.com\\\/avatar\\\/0f0e84dd8664bd67e6f8173788ca70ea86599f9615ec4c39eb4cd61a52c315f4?s=96&d=blank&r=g\",\"caption\":\"Marta Aguilar\"},\"url\":\"https:\\\/\\\/www.rcnt.com\\\/?author=2\"}]}<\/script>\n<!-- \/ Yoast SEO plugin. -->","yoast_head_json":{"title":"La embarcaci\u00f3n &quot;Trabuco&quot; se lleva las Jornadas N\u00e1uticas Pitiusas - Real Club N\u00e1utico Torrevieja","robots":{"index":"index","follow":"follow","max-snippet":"max-snippet:-1","max-image-preview":"max-image-preview:large","max-video-preview":"max-video-preview:-1"},"canonical":"https:\/\/www.rcnt.com\/?p=11046","og_locale":"es_ES","og_type":"article","og_title":"La embarcaci\u00f3n &quot;Trabuco&quot; se lleva las Jornadas N\u00e1uticas Pitiusas - Real Club N\u00e1utico Torrevieja","og_description":"Tras una \u00faltima jornada que no alter\u00f3 la clasificaci\u00f3n general, en la que los barcos superaron el recorrido desde el puerto de la Savina hasta el de Eivissa en dos mangas, la embarcaci\u00f3n &#8220;Trabuco&#8221; de Francisco Torregrosa alcanza el primer puesto alz\u00e1ndose como vencedor absoluto de la regata. Tras el velero del RCN Torrevieja se [&hellip;]","og_url":"https:\/\/www.rcnt.com\/?p=11046","og_site_name":"Real Club N\u00e1utico Torrevieja","article_published_time":"2013-09-17T16:31:10+00:00","og_image":[{"url":"http:\/\/www.rcnt.com\/blog\/wp-content\/uploads\/2602.jpg","type":"","width":"","height":""}],"author":"Marta Aguilar","twitter_card":"summary_large_image","twitter_misc":{"Escrito por":"Marta Aguilar"},"schema":{"@context":"https:\/\/schema.org","@graph":[{"@type":"Article","@id":"https:\/\/www.rcnt.com\/?p=11046#article","isPartOf":{"@id":"https:\/\/www.rcnt.com\/?p=11046"},"author":{"name":"Marta Aguilar","@id":"https:\/\/www.rcnt.com\/#\/schema\/person\/ded1e3ab89347350d13cb3bd4b42a429"},"headline":"La embarcaci\u00f3n &quot;Trabuco&quot; se lleva las Jornadas N\u00e1uticas Pitiusas","datePublished":"2013-09-17T16:31:10+00:00","mainEntityOfPage":{"@id":"https:\/\/www.rcnt.com\/?p=11046"},"wordCount":100,"publisher":{"@id":"https:\/\/www.rcnt.com\/#organization"},"image":{"@id":"https:\/\/www.rcnt.com\/?p=11046#primaryimage"},"thumbnailUrl":"http:\/\/www.rcnt.com\/blog\/wp-content\/uploads\/2602.jpg","keywords":["vela crucero"],"articleSection":["ACTUALIDAD Y NOTICIAS"],"inLanguage":"es"},{"@type":"WebPage","@id":"https:\/\/www.rcnt.com\/?p=11046","url":"https:\/\/www.rcnt.com\/?p=11046","name":"La embarcaci\u00f3n &quot;Trabuco&quot; se lleva las Jornadas N\u00e1uticas Pitiusas - Real Club N\u00e1utico Torrevieja","isPartOf":{"@id":"https:\/\/www.rcnt.com\/#website"},"primaryImageOfPage":{"@id":"https:\/\/www.rcnt.com\/?p=11046#primaryimage"},"image":{"@id":"https:\/\/www.rcnt.com\/?p=11046#primaryimage"},"thumbnailUrl":"http:\/\/www.rcnt.com\/blog\/wp-content\/uploads\/2602.jpg","datePublished":"2013-09-17T16:31:10+00:00","breadcrumb":{"@id":"https:\/\/www.rcnt.com\/?p=11046#breadcrumb"},"inLanguage":"es","potentialAction":[{"@type":"ReadAction","target":["https:\/\/www.rcnt.com\/?p=11046"]}]},{"@type":"ImageObject","inLanguage":"es","@id":"https:\/\/www.rcnt.com\/?p=11046#primaryimage","url":"http:\/\/www.rcnt.com\/blog\/wp-content\/uploads\/2602.jpg","contentUrl":"http:\/\/www.rcnt.com\/blog\/wp-content\/uploads\/2602.jpg"},{"@type":"BreadcrumbList","@id":"https:\/\/www.rcnt.com\/?p=11046#breadcrumb","itemListElement":[{"@type":"ListItem","position":1,"name":"Portada","item":"https:\/\/www.rcnt.com\/"},{"@type":"ListItem","position":2,"name":"ACTUALIDAD Y NOTICIAS","item":"https:\/\/www.rcnt.com\/?cat=2"},{"@type":"ListItem","position":3,"name":"La embarcaci\u00f3n &quot;Trabuco&quot; se lleva las Jornadas N\u00e1uticas Pitiusas"}]},{"@type":"WebSite","@id":"https:\/\/www.rcnt.com\/#website","url":"https:\/\/www.rcnt.com\/","name":"Real Club N\u00e1utico Torrevieja","description":"","publisher":{"@id":"https:\/\/www.rcnt.com\/#organization"},"potentialAction":[{"@type":"SearchAction","target":{"@type":"EntryPoint","urlTemplate":"https:\/\/www.rcnt.com\/?s={search_term_string}"},"query-input":{"@type":"PropertyValueSpecification","valueRequired":true,"valueName":"search_term_string"}}],"inLanguage":"es"},{"@type":"Organization","@id":"https:\/\/www.rcnt.com\/#organization","name":"Real Club N\u00e1utico Torrevieja","url":"https:\/\/www.rcnt.com\/","logo":{"@type":"ImageObject","inLanguage":"es","@id":"https:\/\/www.rcnt.com\/#\/schema\/logo\/image\/","url":"https:\/\/www.rcnt.com\/wp-content\/uploads\/2021\/02\/logo-RCNT-nSTb-251106-3.webp","contentUrl":"https:\/\/www.rcnt.com\/wp-content\/uploads\/2021\/02\/logo-RCNT-nSTb-251106-3.webp","width":347,"height":118,"caption":"Real Club N\u00e1utico Torrevieja"},"image":{"@id":"https:\/\/www.rcnt.com\/#\/schema\/logo\/image\/"}},{"@type":"Person","@id":"https:\/\/www.rcnt.com\/#\/schema\/person\/ded1e3ab89347350d13cb3bd4b42a429","name":"Marta Aguilar","image":{"@type":"ImageObject","inLanguage":"es","@id":"https:\/\/secure.gravatar.com\/avatar\/0f0e84dd8664bd67e6f8173788ca70ea86599f9615ec4c39eb4cd61a52c315f4?s=96&d=blank&r=g","url":"https:\/\/secure.gravatar.com\/avatar\/0f0e84dd8664bd67e6f8173788ca70ea86599f9615ec4c39eb4cd61a52c315f4?s=96&d=blank&r=g","contentUrl":"https:\/\/secure.gravatar.com\/avatar\/0f0e84dd8664bd67e6f8173788ca70ea86599f9615ec4c39eb4cd61a52c315f4?s=96&d=blank&r=g","caption":"Marta Aguilar"},"url":"https:\/\/www.rcnt.com\/?author=2"}]}},"_links":{"self":[{"href":"https:\/\/www.rcnt.com\/index.php?rest_route=\/wp\/v2\/posts\/11046","targetHints":{"allow":["GET"]}}],"collection":[{"href":"https:\/\/www.rcnt.com\/index.php?rest_route=\/wp\/v2\/posts"}],"about":[{"href":"https:\/\/www.rcnt.com\/index.php?rest_route=\/wp\/v2\/types\/post"}],"author":[{"embeddable":true,"href":"https:\/\/www.rcnt.com\/index.php?rest_route=\/wp\/v2\/users\/2"}],"replies":[{"embeddable":true,"href":"https:\/\/www.rcnt.com\/index.php?rest_route=%2Fwp%2Fv2%2Fcomments&post=11046"}],"version-history":[{"count":0,"href":"https:\/\/www.rcnt.com\/index.php?rest_route=\/wp\/v2\/posts\/11046\/revisions"}],"wp:attachment":[{"href":"https:\/\/www.rcnt.com\/index.php?rest_route=%2Fwp%2Fv2%2Fmedia&parent=11046"}],"wp:term":[{"taxonomy":"category","embeddable":true,"href":"https:\/\/www.rcnt.com\/index.php?rest_route=%2Fwp%2Fv2%2Fcategories&post=11046"},{"taxonomy":"post_tag","embeddable":true,"href":"https:\/\/www.rcnt.com\/index.php?rest_route=%2Fwp%2Fv2%2Ftags&post=11046"}],"curies":[{"name":"wp","href":"https:\/\/api.w.org\/{rel}","templated":true}]}}