{"id":10930,"date":"2013-08-16T17:22:57","date_gmt":"2013-08-16T17:22:57","guid":{"rendered":"http:\/\/www.rcnt.com\/blog\/?p=10930"},"modified":"2013-08-16T17:22:57","modified_gmt":"2013-08-16T17:22:57","slug":"la-sonrisa-del-pincel-de-alfonso-artuno-en-el-rcnt","status":"publish","type":"post","link":"https:\/\/www.rcnt.com\/la-sonrisa-del-pincel-de-alfonso-artuno-en-el-rcnt\/","title":{"rendered":"&quot;LA SONRISA DEL PINCEL&quot;, DE ALFONSO ARTU\u00d1O, EN EL RCNT"},"content":{"rendered":"<p><a href=\"http:\/\/www.rcnt.com\/blog\/wp-content\/uploads\/P8141371.jpg\"><img fetchpriority=\"high\" decoding=\"async\" class=\"aligncenter size-full wp-image-10931\" alt=\"la-sonrisa-del-pincel\" src=\"http:\/\/www.rcnt.com\/blog\/wp-content\/uploads\/P8141371.jpg\" width=\"567\" height=\"425\" \/><\/a><br \/>\nLa exposici\u00f3n de Alfonso Ortu\u00f1o &#8220;La Sonrisa del Pincel&#8221; se puede visitar desde ya mismo y hasta el d\u00eda 14 de Septiembre en la sala de exposiciones del RCN Torrevieja.<br \/>\nLa colecci\u00f3n cuenta con un total de trece obras recreando lienzos de pintores cl\u00e1sicos a los que aporta su toque personal, imaginativo y divertido. Una exposici\u00f3n realmente original que no nos podemos perder: Felipe cuarto con chaqueta y corbata, Ad\u00e1n con gafas de sol y muchos m\u00e1s.<br \/>\nTodo el que desee adquirir una de las obras podr\u00e1 hacerlo en la misma exposici\u00f3n atendido por el mismo artista.<br \/>\n&nbsp;<br \/>\n&nbsp;<br \/>\n&nbsp;<\/p>\n","protected":false},"excerpt":{"rendered":"<p>La exposici\u00f3n de Alfonso Ortu\u00f1o &#8220;La Sonrisa del Pincel&#8221; se puede visitar desde ya mismo y hasta el d\u00eda 14 de Septiembre en la sala de exposiciones del RCN Torrevieja. La colecci\u00f3n cuenta con un total de trece obras recreando lienzos de pintores cl\u00e1sicos a los que aporta su toque personal, imaginativo y divertido. Una [&hellip;]<\/p>\n","protected":false},"author":2,"featured_media":0,"comment_status":"closed","ping_status":"closed","sticky":false,"template":"","format":"standard","meta":{"_acf_changed":false,"footnotes":""},"categories":[2],"tags":[24],"class_list":["post-10930","post","type-post","status-publish","format-standard","hentry","category-actualidad","tag-actualidad-y-noticias"],"acf":[],"yoast_head":"<!-- This site is optimized with the Yoast SEO plugin v28.3 - https:\/\/yoast.com\/product\/yoast-seo-wordpress\/ -->\n<title>&quot;LA SONRISA DEL PINCEL&quot;, DE ALFONSO ARTU\u00d1O, EN EL RCNT - Real Club N\u00e1utico Torrevieja<\/title>\n<meta name=\"robots\" content=\"index, follow, max-snippet:-1, max-image-preview:large, max-video-preview:-1\" \/>\n<link rel=\"canonical\" href=\"https:\/\/www.rcnt.com\/la-sonrisa-del-pincel-de-alfonso-artuno-en-el-rcnt\/\" \/>\n<meta property=\"og:locale\" content=\"es_ES\" \/>\n<meta property=\"og:type\" content=\"article\" \/>\n<meta property=\"og:title\" content=\"&quot;LA SONRISA DEL PINCEL&quot;, DE ALFONSO ARTU\u00d1O, EN EL RCNT - Real Club N\u00e1utico Torrevieja\" \/>\n<meta property=\"og:description\" content=\"La exposici\u00f3n de Alfonso Ortu\u00f1o &#8220;La Sonrisa del Pincel&#8221; se puede visitar desde ya mismo y hasta el d\u00eda 14 de Septiembre en la sala de exposiciones del RCN Torrevieja. La colecci\u00f3n cuenta con un total de trece obras recreando lienzos de pintores cl\u00e1sicos a los que aporta su toque personal, imaginativo y divertido. Una [&hellip;]\" \/>\n<meta property=\"og:url\" content=\"https:\/\/www.rcnt.com\/la-sonrisa-del-pincel-de-alfonso-artuno-en-el-rcnt\/\" \/>\n<meta property=\"og:site_name\" content=\"Real Club N\u00e1utico Torrevieja\" \/>\n<meta property=\"article:published_time\" content=\"2013-08-16T17:22:57+00:00\" \/>\n<meta property=\"og:image\" content=\"http:\/\/www.rcnt.com\/blog\/wp-content\/uploads\/P8141371.jpg\" \/>\n<meta name=\"author\" content=\"Marta Aguilar\" \/>\n<meta name=\"twitter:card\" content=\"summary_large_image\" \/>\n<meta name=\"twitter:label1\" content=\"Escrito por\" \/>\n\t<meta name=\"twitter:data1\" content=\"Marta Aguilar\" \/>\n\t<meta name=\"twitter:label2\" content=\"Tiempo de lectura\" \/>\n\t<meta name=\"twitter:data2\" content=\"1 minuto\" \/>\n<script type=\"application\/ld+json\" class=\"yoast-schema-graph\">{\"@context\":\"https:\\\/\\\/schema.org\",\"@graph\":[{\"@type\":\"Article\",\"@id\":\"https:\\\/\\\/www.rcnt.com\\\/la-sonrisa-del-pincel-de-alfonso-artuno-en-el-rcnt\\\/#article\",\"isPartOf\":{\"@id\":\"https:\\\/\\\/www.rcnt.com\\\/la-sonrisa-del-pincel-de-alfonso-artuno-en-el-rcnt\\\/\"},\"author\":{\"name\":\"Marta Aguilar\",\"@id\":\"https:\\\/\\\/www.rcnt.com\\\/#\\\/schema\\\/person\\\/ded1e3ab89347350d13cb3bd4b42a429\"},\"headline\":\"&quot;LA SONRISA DEL PINCEL&quot;, DE ALFONSO ARTU\u00d1O, EN EL RCNT\",\"datePublished\":\"2013-08-16T17:22:57+00:00\",\"mainEntityOfPage\":{\"@id\":\"https:\\\/\\\/www.rcnt.com\\\/la-sonrisa-del-pincel-de-alfonso-artuno-en-el-rcnt\\\/\"},\"wordCount\":121,\"publisher\":{\"@id\":\"https:\\\/\\\/www.rcnt.com\\\/#organization\"},\"image\":{\"@id\":\"https:\\\/\\\/www.rcnt.com\\\/la-sonrisa-del-pincel-de-alfonso-artuno-en-el-rcnt\\\/#primaryimage\"},\"thumbnailUrl\":\"http:\\\/\\\/www.rcnt.com\\\/blog\\\/wp-content\\\/uploads\\\/P8141371.jpg\",\"keywords\":[\"actualidad y noticias\"],\"articleSection\":[\"ACTUALIDAD Y NOTICIAS\"],\"inLanguage\":\"es\"},{\"@type\":\"WebPage\",\"@id\":\"https:\\\/\\\/www.rcnt.com\\\/la-sonrisa-del-pincel-de-alfonso-artuno-en-el-rcnt\\\/\",\"url\":\"https:\\\/\\\/www.rcnt.com\\\/la-sonrisa-del-pincel-de-alfonso-artuno-en-el-rcnt\\\/\",\"name\":\"&quot;LA SONRISA DEL PINCEL&quot;, DE ALFONSO ARTU\u00d1O, EN EL RCNT - Real Club N\u00e1utico Torrevieja\",\"isPartOf\":{\"@id\":\"https:\\\/\\\/www.rcnt.com\\\/#website\"},\"primaryImageOfPage\":{\"@id\":\"https:\\\/\\\/www.rcnt.com\\\/la-sonrisa-del-pincel-de-alfonso-artuno-en-el-rcnt\\\/#primaryimage\"},\"image\":{\"@id\":\"https:\\\/\\\/www.rcnt.com\\\/la-sonrisa-del-pincel-de-alfonso-artuno-en-el-rcnt\\\/#primaryimage\"},\"thumbnailUrl\":\"http:\\\/\\\/www.rcnt.com\\\/blog\\\/wp-content\\\/uploads\\\/P8141371.jpg\",\"datePublished\":\"2013-08-16T17:22:57+00:00\",\"breadcrumb\":{\"@id\":\"https:\\\/\\\/www.rcnt.com\\\/la-sonrisa-del-pincel-de-alfonso-artuno-en-el-rcnt\\\/#breadcrumb\"},\"inLanguage\":\"es\",\"potentialAction\":[{\"@type\":\"ReadAction\",\"target\":[\"https:\\\/\\\/www.rcnt.com\\\/la-sonrisa-del-pincel-de-alfonso-artuno-en-el-rcnt\\\/\"]}]},{\"@type\":\"ImageObject\",\"inLanguage\":\"es\",\"@id\":\"https:\\\/\\\/www.rcnt.com\\\/la-sonrisa-del-pincel-de-alfonso-artuno-en-el-rcnt\\\/#primaryimage\",\"url\":\"http:\\\/\\\/www.rcnt.com\\\/blog\\\/wp-content\\\/uploads\\\/P8141371.jpg\",\"contentUrl\":\"http:\\\/\\\/www.rcnt.com\\\/blog\\\/wp-content\\\/uploads\\\/P8141371.jpg\"},{\"@type\":\"BreadcrumbList\",\"@id\":\"https:\\\/\\\/www.rcnt.com\\\/la-sonrisa-del-pincel-de-alfonso-artuno-en-el-rcnt\\\/#breadcrumb\",\"itemListElement\":[{\"@type\":\"ListItem\",\"position\":1,\"name\":\"Portada\",\"item\":\"https:\\\/\\\/www.rcnt.com\\\/\"},{\"@type\":\"ListItem\",\"position\":2,\"name\":\"ACTUALIDAD Y NOTICIAS\",\"item\":\"https:\\\/\\\/www.rcnt.com\\\/category\\\/actualidad\\\/\"},{\"@type\":\"ListItem\",\"position\":3,\"name\":\"&quot;LA SONRISA DEL PINCEL&quot;, DE ALFONSO ARTU\u00d1O, EN EL RCNT\"}]},{\"@type\":\"WebSite\",\"@id\":\"https:\\\/\\\/www.rcnt.com\\\/#website\",\"url\":\"https:\\\/\\\/www.rcnt.com\\\/\",\"name\":\"Real Club N\u00e1utico Torrevieja\",\"description\":\"\",\"publisher\":{\"@id\":\"https:\\\/\\\/www.rcnt.com\\\/#organization\"},\"potentialAction\":[{\"@type\":\"SearchAction\",\"target\":{\"@type\":\"EntryPoint\",\"urlTemplate\":\"https:\\\/\\\/www.rcnt.com\\\/?s={search_term_string}\"},\"query-input\":{\"@type\":\"PropertyValueSpecification\",\"valueRequired\":true,\"valueName\":\"search_term_string\"}}],\"inLanguage\":\"es\"},{\"@type\":\"Organization\",\"@id\":\"https:\\\/\\\/www.rcnt.com\\\/#organization\",\"name\":\"Real Club N\u00e1utico Torrevieja\",\"url\":\"https:\\\/\\\/www.rcnt.com\\\/\",\"logo\":{\"@type\":\"ImageObject\",\"inLanguage\":\"es\",\"@id\":\"https:\\\/\\\/www.rcnt.com\\\/#\\\/schema\\\/logo\\\/image\\\/\",\"url\":\"https:\\\/\\\/www.rcnt.com\\\/wp-content\\\/uploads\\\/2021\\\/02\\\/logo-RCNT-nSTb-251106-3.webp\",\"contentUrl\":\"https:\\\/\\\/www.rcnt.com\\\/wp-content\\\/uploads\\\/2021\\\/02\\\/logo-RCNT-nSTb-251106-3.webp\",\"width\":347,\"height\":118,\"caption\":\"Real Club N\u00e1utico Torrevieja\"},\"image\":{\"@id\":\"https:\\\/\\\/www.rcnt.com\\\/#\\\/schema\\\/logo\\\/image\\\/\"}},{\"@type\":\"Person\",\"@id\":\"https:\\\/\\\/www.rcnt.com\\\/#\\\/schema\\\/person\\\/ded1e3ab89347350d13cb3bd4b42a429\",\"name\":\"Marta Aguilar\",\"image\":{\"@type\":\"ImageObject\",\"inLanguage\":\"es\",\"@id\":\"https:\\\/\\\/secure.gravatar.com\\\/avatar\\\/0f0e84dd8664bd67e6f8173788ca70ea86599f9615ec4c39eb4cd61a52c315f4?s=96&d=blank&r=g\",\"url\":\"https:\\\/\\\/secure.gravatar.com\\\/avatar\\\/0f0e84dd8664bd67e6f8173788ca70ea86599f9615ec4c39eb4cd61a52c315f4?s=96&d=blank&r=g\",\"contentUrl\":\"https:\\\/\\\/secure.gravatar.com\\\/avatar\\\/0f0e84dd8664bd67e6f8173788ca70ea86599f9615ec4c39eb4cd61a52c315f4?s=96&d=blank&r=g\",\"caption\":\"Marta Aguilar\"},\"url\":\"https:\\\/\\\/www.rcnt.com\\\/author\\\/redaccionrcnt\\\/\"}]}<\/script>\n<!-- \/ Yoast SEO plugin. -->","yoast_head_json":{"title":"&quot;LA SONRISA DEL PINCEL&quot;, DE ALFONSO ARTU\u00d1O, EN EL RCNT - Real Club N\u00e1utico Torrevieja","robots":{"index":"index","follow":"follow","max-snippet":"max-snippet:-1","max-image-preview":"max-image-preview:large","max-video-preview":"max-video-preview:-1"},"canonical":"https:\/\/www.rcnt.com\/la-sonrisa-del-pincel-de-alfonso-artuno-en-el-rcnt\/","og_locale":"es_ES","og_type":"article","og_title":"&quot;LA SONRISA DEL PINCEL&quot;, DE ALFONSO ARTU\u00d1O, EN EL RCNT - Real Club N\u00e1utico Torrevieja","og_description":"La exposici\u00f3n de Alfonso Ortu\u00f1o &#8220;La Sonrisa del Pincel&#8221; se puede visitar desde ya mismo y hasta el d\u00eda 14 de Septiembre en la sala de exposiciones del RCN Torrevieja. La colecci\u00f3n cuenta con un total de trece obras recreando lienzos de pintores cl\u00e1sicos a los que aporta su toque personal, imaginativo y divertido. Una [&hellip;]","og_url":"https:\/\/www.rcnt.com\/la-sonrisa-del-pincel-de-alfonso-artuno-en-el-rcnt\/","og_site_name":"Real Club N\u00e1utico Torrevieja","article_published_time":"2013-08-16T17:22:57+00:00","og_image":[{"url":"http:\/\/www.rcnt.com\/blog\/wp-content\/uploads\/P8141371.jpg","type":"","width":"","height":""}],"author":"Marta Aguilar","twitter_card":"summary_large_image","twitter_misc":{"Escrito por":"Marta Aguilar","Tiempo de lectura":"1 minuto"},"schema":{"@context":"https:\/\/schema.org","@graph":[{"@type":"Article","@id":"https:\/\/www.rcnt.com\/la-sonrisa-del-pincel-de-alfonso-artuno-en-el-rcnt\/#article","isPartOf":{"@id":"https:\/\/www.rcnt.com\/la-sonrisa-del-pincel-de-alfonso-artuno-en-el-rcnt\/"},"author":{"name":"Marta Aguilar","@id":"https:\/\/www.rcnt.com\/#\/schema\/person\/ded1e3ab89347350d13cb3bd4b42a429"},"headline":"&quot;LA SONRISA DEL PINCEL&quot;, DE ALFONSO ARTU\u00d1O, EN EL RCNT","datePublished":"2013-08-16T17:22:57+00:00","mainEntityOfPage":{"@id":"https:\/\/www.rcnt.com\/la-sonrisa-del-pincel-de-alfonso-artuno-en-el-rcnt\/"},"wordCount":121,"publisher":{"@id":"https:\/\/www.rcnt.com\/#organization"},"image":{"@id":"https:\/\/www.rcnt.com\/la-sonrisa-del-pincel-de-alfonso-artuno-en-el-rcnt\/#primaryimage"},"thumbnailUrl":"http:\/\/www.rcnt.com\/blog\/wp-content\/uploads\/P8141371.jpg","keywords":["actualidad y noticias"],"articleSection":["ACTUALIDAD Y NOTICIAS"],"inLanguage":"es"},{"@type":"WebPage","@id":"https:\/\/www.rcnt.com\/la-sonrisa-del-pincel-de-alfonso-artuno-en-el-rcnt\/","url":"https:\/\/www.rcnt.com\/la-sonrisa-del-pincel-de-alfonso-artuno-en-el-rcnt\/","name":"&quot;LA SONRISA DEL PINCEL&quot;, DE ALFONSO ARTU\u00d1O, EN EL RCNT - Real Club N\u00e1utico Torrevieja","isPartOf":{"@id":"https:\/\/www.rcnt.com\/#website"},"primaryImageOfPage":{"@id":"https:\/\/www.rcnt.com\/la-sonrisa-del-pincel-de-alfonso-artuno-en-el-rcnt\/#primaryimage"},"image":{"@id":"https:\/\/www.rcnt.com\/la-sonrisa-del-pincel-de-alfonso-artuno-en-el-rcnt\/#primaryimage"},"thumbnailUrl":"http:\/\/www.rcnt.com\/blog\/wp-content\/uploads\/P8141371.jpg","datePublished":"2013-08-16T17:22:57+00:00","breadcrumb":{"@id":"https:\/\/www.rcnt.com\/la-sonrisa-del-pincel-de-alfonso-artuno-en-el-rcnt\/#breadcrumb"},"inLanguage":"es","potentialAction":[{"@type":"ReadAction","target":["https:\/\/www.rcnt.com\/la-sonrisa-del-pincel-de-alfonso-artuno-en-el-rcnt\/"]}]},{"@type":"ImageObject","inLanguage":"es","@id":"https:\/\/www.rcnt.com\/la-sonrisa-del-pincel-de-alfonso-artuno-en-el-rcnt\/#primaryimage","url":"http:\/\/www.rcnt.com\/blog\/wp-content\/uploads\/P8141371.jpg","contentUrl":"http:\/\/www.rcnt.com\/blog\/wp-content\/uploads\/P8141371.jpg"},{"@type":"BreadcrumbList","@id":"https:\/\/www.rcnt.com\/la-sonrisa-del-pincel-de-alfonso-artuno-en-el-rcnt\/#breadcrumb","itemListElement":[{"@type":"ListItem","position":1,"name":"Portada","item":"https:\/\/www.rcnt.com\/"},{"@type":"ListItem","position":2,"name":"ACTUALIDAD Y NOTICIAS","item":"https:\/\/www.rcnt.com\/category\/actualidad\/"},{"@type":"ListItem","position":3,"name":"&quot;LA SONRISA DEL PINCEL&quot;, DE ALFONSO ARTU\u00d1O, EN EL RCNT"}]},{"@type":"WebSite","@id":"https:\/\/www.rcnt.com\/#website","url":"https:\/\/www.rcnt.com\/","name":"Real Club N\u00e1utico Torrevieja","description":"","publisher":{"@id":"https:\/\/www.rcnt.com\/#organization"},"potentialAction":[{"@type":"SearchAction","target":{"@type":"EntryPoint","urlTemplate":"https:\/\/www.rcnt.com\/?s={search_term_string}"},"query-input":{"@type":"PropertyValueSpecification","valueRequired":true,"valueName":"search_term_string"}}],"inLanguage":"es"},{"@type":"Organization","@id":"https:\/\/www.rcnt.com\/#organization","name":"Real Club N\u00e1utico Torrevieja","url":"https:\/\/www.rcnt.com\/","logo":{"@type":"ImageObject","inLanguage":"es","@id":"https:\/\/www.rcnt.com\/#\/schema\/logo\/image\/","url":"https:\/\/www.rcnt.com\/wp-content\/uploads\/2021\/02\/logo-RCNT-nSTb-251106-3.webp","contentUrl":"https:\/\/www.rcnt.com\/wp-content\/uploads\/2021\/02\/logo-RCNT-nSTb-251106-3.webp","width":347,"height":118,"caption":"Real Club N\u00e1utico Torrevieja"},"image":{"@id":"https:\/\/www.rcnt.com\/#\/schema\/logo\/image\/"}},{"@type":"Person","@id":"https:\/\/www.rcnt.com\/#\/schema\/person\/ded1e3ab89347350d13cb3bd4b42a429","name":"Marta Aguilar","image":{"@type":"ImageObject","inLanguage":"es","@id":"https:\/\/secure.gravatar.com\/avatar\/0f0e84dd8664bd67e6f8173788ca70ea86599f9615ec4c39eb4cd61a52c315f4?s=96&d=blank&r=g","url":"https:\/\/secure.gravatar.com\/avatar\/0f0e84dd8664bd67e6f8173788ca70ea86599f9615ec4c39eb4cd61a52c315f4?s=96&d=blank&r=g","contentUrl":"https:\/\/secure.gravatar.com\/avatar\/0f0e84dd8664bd67e6f8173788ca70ea86599f9615ec4c39eb4cd61a52c315f4?s=96&d=blank&r=g","caption":"Marta Aguilar"},"url":"https:\/\/www.rcnt.com\/author\/redaccionrcnt\/"}]}},"_links":{"self":[{"href":"https:\/\/www.rcnt.com\/wp-json\/wp\/v2\/posts\/10930","targetHints":{"allow":["GET"]}}],"collection":[{"href":"https:\/\/www.rcnt.com\/wp-json\/wp\/v2\/posts"}],"about":[{"href":"https:\/\/www.rcnt.com\/wp-json\/wp\/v2\/types\/post"}],"author":[{"embeddable":true,"href":"https:\/\/www.rcnt.com\/wp-json\/wp\/v2\/users\/2"}],"replies":[{"embeddable":true,"href":"https:\/\/www.rcnt.com\/wp-json\/wp\/v2\/comments?post=10930"}],"version-history":[{"count":0,"href":"https:\/\/www.rcnt.com\/wp-json\/wp\/v2\/posts\/10930\/revisions"}],"wp:attachment":[{"href":"https:\/\/www.rcnt.com\/wp-json\/wp\/v2\/media?parent=10930"}],"wp:term":[{"taxonomy":"category","embeddable":true,"href":"https:\/\/www.rcnt.com\/wp-json\/wp\/v2\/categories?post=10930"},{"taxonomy":"post_tag","embeddable":true,"href":"https:\/\/www.rcnt.com\/wp-json\/wp\/v2\/tags?post=10930"}],"curies":[{"name":"wp","href":"https:\/\/api.w.org\/{rel}","templated":true}]}}